{"id":499,"date":"2019-03-10T13:14:19","date_gmt":"2019-03-10T12:14:19","guid":{"rendered":"http:\/\/www.aipdlivorno.org\/aipd\/?p=499"},"modified":"2019-05-18T13:14:40","modified_gmt":"2019-05-18T11:14:40","slug":"downtour-laipd-compie-40-anni","status":"publish","type":"post","link":"https:\/\/www.aipdlivorno.org\/aipd\/?p=499","title":{"rendered":"DownTour l&#8217;AIPD compie 40 anni"},"content":{"rendered":"<div style=\"font-weight: 400; color: #222222;\">Il 2019 \u00e8 l&#8217;anno del <strong>40simo anniversario della fondazione di AIPD<\/strong>. A marzo, in concomitanza con l&#8217;assemblea nazionale si terr\u00e0 una manifestazione alla Casa del Cinema a Roma nella quale interverr\u00e0 anche Neri Marcor\u00e8 e che &#8220;varer\u00e0&#8221; il\u00a0<strong><span class=\"il\">DownTour<\/span><\/strong>.<\/div>\n<div style=\"font-weight: 400; color: #222222;\">Il\u00a0<strong><span class=\"il\">DownTour<\/span><\/strong>\u00a0consiste in un camper che si sposter\u00e0 tra le sedi delle sezioni (37) AIPD e soster\u00e0 in ciascuna 2 o 3 giorni. Durante la sosta in una citt\u00e0 si la sede organizzer\u00e0 eventi che coinvolgano il territorio. L&#8217;equipaggio del camper (2 ragazzi un operatore e un autista) cambia ad ogni tappa:\u00a0 la sezione in cui arriva il camper si occupa di definire il prossimo equipaggio, di portare il camper alla tappa successiva, partecipare agli eventi della nuova tappa e quindi lasciare il camper alla sezione ospite.<\/div>\n<div style=\"font-weight: 400; color: #222222;\"><\/div>\n<div style=\"font-weight: 400; color: #222222;\">Il Camper DownTour arriver\u00e0 a Livorno l&#8217;11 Aprile 2019 proveniente da Grosseto. Il Camper soster\u00e0 nella nostra citt\u00e0 fino a domenica 14 Aprile quando l&#8217;equipaggio livornese lo porter\u00e0 a Lido di Camaiore per consegnarlo alla sede AIPD Versilia.<\/div>\n","protected":false},"excerpt":{"rendered":"<p>Il 2019 \u00e8 l&#8217;anno del 40simo anniversario della fondazione di AIPD. A marzo, in concomitanza con l&#8217;assemblea nazionale si terr\u00e0 una manifestazione alla Casa del Cinema a Roma nella quale interverr\u00e0 anche Neri Marcor\u00e8 e che &#8220;varer\u00e0&#8221; il\u00a0DownTour. Il\u00a0DownTour\u00a0consiste in&hellip;<\/p>\n","protected":false},"author":1,"featured_media":500,"comment_status":"open","ping_status":"open","sticky":false,"template":"","format":"standard","meta":[],"categories":[1],"tags":[],"_links":{"self":[{"href":"https:\/\/www.aipdlivorno.org\/aipd\/index.php?rest_route=\/wp\/v2\/posts\/499"}],"collection":[{"href":"https:\/\/www.aipdlivorno.org\/aipd\/index.php?rest_route=\/wp\/v2\/posts"}],"about":[{"href":"https:\/\/www.aipdlivorno.org\/aipd\/index.php?rest_route=\/wp\/v2\/types\/post"}],"author":[{"embeddable":true,"href":"https:\/\/www.aipdlivorno.org\/aipd\/index.php?rest_route=\/wp\/v2\/users\/1"}],"replies":[{"embeddable":true,"href":"https:\/\/www.aipdlivorno.org\/aipd\/index.php?rest_route=%2Fwp%2Fv2%2Fcomments&post=499"}],"version-history":[{"count":1,"href":"https:\/\/www.aipdlivorno.org\/aipd\/index.php?rest_route=\/wp\/v2\/posts\/499\/revisions"}],"predecessor-version":[{"id":501,"href":"https:\/\/www.aipdlivorno.org\/aipd\/index.php?rest_route=\/wp\/v2\/posts\/499\/revisions\/501"}],"wp:featuredmedia":[{"embeddable":true,"href":"https:\/\/www.aipdlivorno.org\/aipd\/index.php?rest_route=\/wp\/v2\/media\/500"}],"wp:attachment":[{"href":"https:\/\/www.aipdlivorno.org\/aipd\/index.php?rest_route=%2Fwp%2Fv2%2Fmedia&parent=499"}],"wp:term":[{"taxonomy":"category","embeddable":true,"href":"https:\/\/www.aipdlivorno.org\/aipd\/index.php?rest_route=%2Fwp%2Fv2%2Fcategories&post=499"},{"taxonomy":"post_tag","embeddable":true,"href":"https:\/\/www.aipdlivorno.org\/aipd\/index.php?rest_route=%2Fwp%2Fv2%2Ftags&post=499"}],"curies":[{"name":"wp","href":"https:\/\/api.w.org\/{rel}","templated":true}]}}