{"id":548,"date":"2021-05-02T14:58:34","date_gmt":"2021-05-02T12:58:34","guid":{"rendered":"http:\/\/www.aipdlivorno.org\/aipd\/?p=548"},"modified":"2021-05-02T15:59:23","modified_gmt":"2021-05-02T13:59:23","slug":"servizio-civile-regionale-2021","status":"publish","type":"post","link":"https:\/\/www.aipdlivorno.org\/aipd\/?p=548","title":{"rendered":"Servizio Civile Regionale 2021"},"content":{"rendered":"<p>La Regione Toscana promuove un bando per\u00a02.639\u00a0giovani da avviare in progetti di Servizio Civile Regionale (Decreto\u00a0 n\u00b0\u00a06315\u00a0del\u00a08\u00a0aprile\u00a02021 pubblicato sul Bollettino ufficiale della Regione Toscana (BURT) n.\u00a017\u00a0\u2013\u00a0parte III &#8211;\u00a0di mercoled\u00ec\u00a028\/4\/2021).<\/p>\n<p>Il bando rientra nell&#8217;ambito di\u00a0<a href=\"http:\/\/giovanisi.it\">Giovanis\u00ec<\/a>, il progetto della Regione Toscana per l&#8217;autonomia dei giovani.<\/p>\n<p>L\u2019Associazione Italiana Persone Down Sezione di Livorno APS (AIPD Livorno)  ha visto approvato la proroga del proprio progetto \u201c<a href=\"https:\/\/www.aipdlivorno.org\/aipd\/wp-content\/uploads\/2021\/05\/SCR_SCHEDA_PROGETTO_3522-tutti-al-parco-20180609.pdf\" target=\"_blank\" rel=\"noreferrer noopener\">TUTTI AL PARCO<\/a>\u201d, per il quale sono previsti due volontari in Servizio Civile presso la sede di Livorno, in via Voltolino Fontani, 1-3. I due giovani selezionati svolgeranno un periodo di Servizio Civile, dalla durata di 12 mesi, presso l\u2019AIPD Livorno con un contributo mensile di 433,80 euro.<\/p>\n<p>La presentazione delle candidature:<\/p>\n<ul>\n<li><strong>Apertura<\/strong> del bando: gioved\u00ec 29 aprile 2021 ore 8:00.<\/li>\n<li><strong>Scadenza<\/strong> per la presentazione della domanda: venerd\u00ec 28 maggio 2021 ore 14:00.<\/li>\n<\/ul>\n<p>E\u2019 possibile presentare una sola domanda di partecipazione per un solo progetto di servizio civile.<\/p>\n<h2>Domanda di partecipazione<\/h2>\n<p>La domanda di partecipazione pu\u00f2 essere presentata esclusivamente on line, accedendo al sito:\u00a0<a href=\"https:\/\/servizi.toscana.it\/sis\/DASC\">https:\/\/servizi.toscana.it\/sis\/DASC<\/a>.\u00a0<\/p>\n<p>Consigliamo di leggere attentamente le apposite\u00a0<a href=\"https:\/\/www.regione.toscana.it\/documents\/10180\/58408618\/Istruzioni+per+la+Compilazione+Online+Domanda+Servizio+Civile_2.7+-27-4-21.pdf\/58d80ce9-0c6d-9255-dd69-dbd6ea154241?t=1619619565241\">istruzioni<\/a> sulle modalit\u00e0 di accesso (con o senza carta nazionale dei servizi &#8211; CNS) e compilazione del modulo di richiesta.<\/p>\n<p>La compilazione accedendo tramite carta sanitaria elettronica (CNS- carta nazionale servizi sanitari) rilasciata da Regione Toscana e munita di apposito PIN prevede: <\/p>\n<ul>\n<li>La carta sanitaria elettronica (CNS) deve essere stata preventivamente attivata. Per informazioni su come attivare la carta ed ottenere il relativo PIN consultare il sito: <a href=\"http:\/\/www.regione.toscana.it\/servizi-online\/servizi-sicuri\/carta-sanitaria-elettronica\">http:\/\/www.regione.toscana.it\/servizi-online\/servizi-sicuri\/carta-sanitaria-elettronica<\/a>;<\/li>\n<li>In caso di accesso al sito per la domanda on line con CNS non \u00e8 necessario allegare copia di un documento di identit\u00e0;<\/li>\n<li>La disponibilit\u00e0 di un lettore di smart card;<\/li>\n<\/ul>\n<p>Nel caso di accesso senza carta sanitaria elettronica (CNS) dovranno essere seguite le istruzioni fornite sul sito medesimo (<a href=\"https:\/\/servizi.toscana.it\/sis\/DASC\">https:\/\/servizi.toscana.it\/sis\/DASC<\/a>), in questo caso \u00e8 necessario allegare alla domanda copia fronte retro di un documento di identit\u00e0 in corso di validit\u00e0.<\/p>\n<p>Devono essere compilati tutti i campi indicati nel format della domanda.<br \/>Prima dell\u2019invio della domanda deve essere allegato il curriculum vitae (completo di data e firma autografa per esteso).<\/p>\n<p>Una volta inviata la domanda, il candidato ricever\u00e0 all\u2019indirizzo di posta elettronica comunicato nella domanda una email di conferma di avvenuto invio della domanda e conseguente ricezione della stessa da parte dell\u2019ente titolare del progetto prescelto.\u00a0<\/p>\n<p>La mancata ricezione della email indica \u00a0che la domanda non \u00e8 stata ricevuta correttamente: in tal caso il candidato deve rientrare nel sistema per verificare che tutti i dati siano stati inseriti correttamente, gli allegati richiesti siano stati caricati secondo le modalit\u00e0 indicate e procedere nuovamente all\u2019invio, avendo cura di verificare la ricezione della email di conferma.<\/p>\n<p>L\u2019eventuale esclusione \u00e8 comunicata direttamente dall\u2019ente al giovane interessato.<\/p>\n<h2>Requisiti di partecipazione<\/h2>\n<p>Pu\u00f2 presentare la propria candidatura chi, alla data di presentazione della domanda:<\/p>\n<ul>\n<li>Sia regolarmente residente in Toscana o ivi domiciliato per motivi di studio propri o per motivi di studio e lavoro di almeno uno dei genitori;<\/li>\n<li>in et\u00e0 compresa fra i 18 e 29 anni (ovvero fino al giorno antecedente il compimento del trentesimo anno);<\/li>\n<li>inoccupati, inattivi o disoccupati; sia in possesso di idoneit\u00e0 fisica.<\/li>\n<li>Non abbia riportato condanna penale anche non definitiva alla pena della reclusione superiore ad un anno per delitto non colposo<\/li>\n<li>Possono partecipare coloro che stanno frequentando un qualunque corso di studi.<\/li>\n<\/ul>\n<p>Tutti i requisiti, ad eccezione del limite di et\u00e0, devono essere mantenuti sino al termine del servizio.<\/p>\n<p>Non pu\u00f2 presentare la domanda chi:<\/p>\n<ul>\n<li>Gi\u00e0 presta o abbia svolto attivit\u00e0 di servizio civile nazionale o regionale in Toscana o in altra regione in qualit\u00e0 di volontario, ovvero che abbia interrotto il servizio prima della scadenza prevista, ad eccezione di coloro che hanno cessato il servizio per malattia, secondo quanto previsto dall\u2019articolo 11 comma 3 della legge regionale 35\/06<\/li>\n<li>Abbia avuto nell\u2019ultimo anno e per almeno sei mesi con l\u2019ente che realizza il progetto rapporti di lavoro o di collaborazione retribuita a qualunque titolo.<\/li>\n<li>non \u00e8 inoltre consentito svolgere contemporaneamente il servizio civile regionale in Toscana ed un altro servizio civile, nazionale o universale<\/li>\n<\/ul>\n<h2>Riferimenti<\/h2>\n<ul>\n<li><a href=\"https:\/\/www.aipdlivorno.org\/aipd\/wp-content\/uploads\/2021\/05\/SCR_SCHEDA_PROGETTO_3522-tutti-al-parco-20180609.pdf\" target=\"_blank\" rel=\"noreferrer noopener\">Decreto n\u00b0\u00a06315\u00a0del\u00a08\u00a0aprile\u00a02021<\/a><\/li>\n<li><a rel=\"noreferrer noopener\" href=\"https:\/\/servizi.toscana.it\/sis\/DASC.\" target=\"_blank\">Sito per la presentazione della domanda<\/a> <\/li>\n<li><a href=\"https:\/\/www.regione.toscana.it\/documents\/10180\/58408618\/Istruzioni+per+la+Compilazione+Online+Domanda+Servizio+Civile_2.7+-27-4-21.pdf\/58d80ce9-0c6d-9255-dd69-dbd6ea154241?t=1619619565241\" target=\"_blank\" rel=\"noreferrer noopener\">Istruzioni per la compilazione della domanda<\/a><\/li>\n<\/ul>\n","protected":false},"excerpt":{"rendered":"<p>La Regione Toscana promuove un bando per\u00a02.639\u00a0giovani da avviare in progetti di Servizio Civile Regionale (Decreto\u00a0 n\u00b0\u00a06315\u00a0del\u00a08\u00a0aprile\u00a02021 pubblicato sul Bollettino ufficiale della Regione Toscana (BURT) n.\u00a017\u00a0\u2013\u00a0parte III &#8211;\u00a0di mercoled\u00ec\u00a028\/4\/2021). Il bando rientra nell&#8217;ambito di\u00a0Giovanis\u00ec, il progetto della Regione Toscana per&hellip;<\/p>\n","protected":false},"author":1,"featured_media":549,"comment_status":"open","ping_status":"open","sticky":false,"template":"","format":"standard","meta":[],"categories":[1],"tags":[],"_links":{"self":[{"href":"https:\/\/www.aipdlivorno.org\/aipd\/index.php?rest_route=\/wp\/v2\/posts\/548"}],"collection":[{"href":"https:\/\/www.aipdlivorno.org\/aipd\/index.php?rest_route=\/wp\/v2\/posts"}],"about":[{"href":"https:\/\/www.aipdlivorno.org\/aipd\/index.php?rest_route=\/wp\/v2\/types\/post"}],"author":[{"embeddable":true,"href":"https:\/\/www.aipdlivorno.org\/aipd\/index.php?rest_route=\/wp\/v2\/users\/1"}],"replies":[{"embeddable":true,"href":"https:\/\/www.aipdlivorno.org\/aipd\/index.php?rest_route=%2Fwp%2Fv2%2Fcomments&post=548"}],"version-history":[{"count":5,"href":"https:\/\/www.aipdlivorno.org\/aipd\/index.php?rest_route=\/wp\/v2\/posts\/548\/revisions"}],"predecessor-version":[{"id":559,"href":"https:\/\/www.aipdlivorno.org\/aipd\/index.php?rest_route=\/wp\/v2\/posts\/548\/revisions\/559"}],"wp:featuredmedia":[{"embeddable":true,"href":"https:\/\/www.aipdlivorno.org\/aipd\/index.php?rest_route=\/wp\/v2\/media\/549"}],"wp:attachment":[{"href":"https:\/\/www.aipdlivorno.org\/aipd\/index.php?rest_route=%2Fwp%2Fv2%2Fmedia&parent=548"}],"wp:term":[{"taxonomy":"category","embeddable":true,"href":"https:\/\/www.aipdlivorno.org\/aipd\/index.php?rest_route=%2Fwp%2Fv2%2Fcategories&post=548"},{"taxonomy":"post_tag","embeddable":true,"href":"https:\/\/www.aipdlivorno.org\/aipd\/index.php?rest_route=%2Fwp%2Fv2%2Ftags&post=548"}],"curies":[{"name":"wp","href":"https:\/\/api.w.org\/{rel}","templated":true}]}}